{"id":5,"__str__":"Rozi da Farm\u00e1cia (2\u00ba orador)","link_detail_backend":"/sessao/oradorordemdia/5","metadata":{},"numero_ordem":2,"url_discurso":"","observacao":"Discuss\u00e3o Projeto de Resolu\u00e7\u00e3o 27/2020","upload_anexo":null,"sessao_plenaria":221,"parlamentar":56}