{"id":576,"__str__":"Lino J\u00fanior (1\u00ba orador)","link_detail_backend":"/sessao/oradorordemdia/576","metadata":{},"numero_ordem":1,"url_discurso":"","observacao":"Discuss\u00e3o da Proposta de Emenda \u00e0 Lei Org\u00e2nica N\u00ba 05/2023","upload_anexo":null,"sessao_plenaria":353,"parlamentar":105}