{"id":4,"__str__":"Pedr\u00e3o da \u00c1gua (1\u00ba orador)","link_detail_backend":"/sessao/oradorordemdia/4","metadata":{},"numero_ordem":1,"url_discurso":"","observacao":"Discuss\u00e3o Projeto de Resolu\u00e7\u00e3o 27/2020","upload_anexo":null,"sessao_plenaria":221,"parlamentar":9}