{"id":400,"__str__":"Lino J\u00fanior (7\u00ba orador)","link_detail_backend":"/sessao/oradorordemdia/400","metadata":{},"numero_ordem":7,"url_discurso":"","observacao":"Declara\u00e7\u00e3o de voto a proposta de Emenda \u00e0 Lei Org\u00e2nica n\u00ba 4","upload_anexo":null,"sessao_plenaria":316,"parlamentar":105}