{"id":399,"__str__":"Rozi da Farm\u00e1cia (6\u00ba orador)","link_detail_backend":"/sessao/oradorordemdia/399","metadata":{},"numero_ordem":6,"url_discurso":"","observacao":"Declara\u00e7\u00e3o de voto a proposta de Emenda \u00e0 Lei Org\u00e2nica n\u00ba 4","upload_anexo":null,"sessao_plenaria":316,"parlamentar":56}