{"id":453,"__str__":"Carlinhos (5\u00ba orador)","link_detail_backend":"/sessao/oradorexpediente/453","metadata":{},"numero_ordem":5,"url_discurso":"","observacao":"Discuss\u00e3o da Mo\u00e7\u00e3o n\u00ba 07 de 2025","upload_anexo":null,"sessao_plenaria":439,"parlamentar":57}