{"id":389,"__str__":"Lucas do Samu (11\u00ba orador)","link_detail_backend":"/sessao/oradorexpediente/389","metadata":{},"numero_ordem":11,"url_discurso":"","observacao":"Discuss\u00e3o da Mo\u00e7\u00e3o n\u00ba 07 de 2024","upload_anexo":null,"sessao_plenaria":401,"parlamentar":110}