{"id":301,"__str__":"Rozi da Farm\u00e1cia (4\u00ba orador)","link_detail_backend":"/sessao/oradorexpediente/301","metadata":{},"numero_ordem":4,"url_discurso":"","observacao":"Discuss\u00e3o da Mo\u00e7\u00e3o N\u00ba 05 de 2023","upload_anexo":null,"sessao_plenaria":366,"parlamentar":56}