{"id":28,"__str__":"Pedr\u00e3o da \u00c1gua (7\u00ba orador)","link_detail_backend":"/sessao/oradorexpediente/28","metadata":{},"numero_ordem":7,"url_discurso":"","observacao":"Apresenta\u00e7\u00e3o de Pareceres pelas Comiss\u00f5es","upload_anexo":null,"sessao_plenaria":221,"parlamentar":9}