{"id":26,"__str__":"Pedr\u00e3o da \u00c1gua (4\u00ba orador)","link_detail_backend":"/sessao/oradorexpediente/26","metadata":{},"numero_ordem":4,"url_discurso":"","observacao":"Apresenta\u00e7\u00e3o de Projeto de Resolu\u00e7\u00e3o","upload_anexo":null,"sessao_plenaria":221,"parlamentar":9}