{"id":120,"__str__":"Lino J\u00fanior (3\u00ba orador)","link_detail_backend":"/sessao/oradorexpediente/120","metadata":{},"numero_ordem":3,"url_discurso":"","observacao":"Apresenta\u00e7\u00e3o Relat\u00f3rio CEV COVID-19.","upload_anexo":null,"sessao_plenaria":250,"parlamentar":105}