{"id":3338,"__str__":"Lei Complementar n\u00ba 249, de 20 de fevereiro de 2026","link_detail_backend":"/norma/3338","metadata":{},"texto_integral":"http://sapl.ibiuna.sp.leg.br/media/sapl/public/normajuridica/2026/3338/lei_complementar_249.pdf","numero":"249","ano":2026,"esfera_federacao":"M","data":"2026-02-20","data_publicacao":"2026-02-20","veiculo_publicacao":"Imprensa Oficial do Munic\u00edpio","pagina_inicio_publicacao":25,"pagina_fim_publicacao":26,"ementa":"\"Disp\u00f5e sobre a cria\u00e7\u00e3o de novas vagas para cargos p\u00fablicos j\u00e1 existentes no Quadro de Pessoal da Secretaria Municipal de Sa\u00fade do Munic\u00edpio da Est\u00e2ncia Tur\u00edstica de Ibi\u00fana e d\u00e1 outras provid\u00eancias.\"","indexacao":"\"Disp\u00f5e sobre a cria\u00e7\u00e3o de novas vagas para cargos p\u00fablicos j\u00e1 existentes no Quadro de Pessoal da Secretaria Municipal de Sa\u00fade do Munic\u00edpio da Est\u00e2ncia Tur\u00edstica de Ibi\u00fana e d\u00e1 outras provid\u00eancias.\"","observacao":"","complemento":true,"data_vigencia":"2026-02-20","timestamp":"2026-02-27T13:58:42.326670-03:00","data_ultima_atualizacao":"2026-02-27T13:58:42.328199-03:00","ip":"45.225.195.118","ultima_edicao":"2026-02-27T13:58:42.166676-03:00","tipo":2,"materia":19768,"orgao":null,"user":109,"assuntos":[9,14],"autores":[150]}