{"id":18752,"__str__":"Requerimento n\u00ba 70 de 2023 | Adiada discuss\u00e3o e vota\u00e7\u00e3o. | 22/08/2023","link_detail_backend":"/materia/tramitacao/18752","metadata":{},"timestamp":"2023-08-23T10:00:17.752248-03:00","data_tramitacao":"2023-08-22","data_encaminhamento":"2023-08-22","urgente":false,"turno":"","texto":"Requerimento apresentado em Plen\u00e1rio e solicitado discuss\u00e3o pelo Vereador Devanir C\u00e2ndido de Andrade, ficando inscrito discuss\u00e3o e vota\u00e7\u00e3o para expediente futuro.","data_fim_prazo":null,"ip":"200.232.13.146","ultima_edicao":"2023-08-23T09:59:41.709915-03:00","status":48,"materia":17324,"unidade_tramitacao_local":1,"unidade_tramitacao_destino":1,"user":109}