{"id":15591,"__str__":"Veto Parcial n\u00ba 2 de 2020 | Proposi\u00e7\u00e3o inclusa na Ordem do Dia | 14/05/2020","link_detail_backend":"/materia/tramitacao/15591","metadata":{},"timestamp":"2020-05-18T11:58:20.265030-03:00","data_tramitacao":"2020-05-14","data_encaminhamento":"2020-05-14","urgente":false,"turno":"","texto":"Protocolado Parecer pela Comiss\u00e3o de Justi\u00e7a e Reda\u00e7\u00e3o; ficando inscrito para discuss\u00e3o e vota\u00e7\u00e3o na pr\u00f3xima Ordem do Dia.","data_fim_prazo":null,"ip":"177.139.218.161","ultima_edicao":"2020-05-18T11:57:16.095125-03:00","status":3,"materia":15252,"unidade_tramitacao_local":3,"unidade_tramitacao_destino":1,"user":109}