{"id":14667,"__str__":"Requerimento n\u00ba 16 de 2019 | Adiada discuss\u00e3o e vota\u00e7\u00e3o. | 26/02/2019","link_detail_backend":"/materia/tramitacao/14667","metadata":{},"timestamp":"2019-03-06T15:25:07.573912-03:00","data_tramitacao":"2019-02-26","data_encaminhamento":"2019-02-26","urgente":false,"turno":"","texto":"Requerimento apresentado em Plen\u00e1rio e solicitado discuss\u00e3o pelo Vereador Ismael Martins Pereira, ficando inscrito discuss\u00e3o e vota\u00e7\u00e3o para expediente futuro.","data_fim_prazo":null,"ip":"","ultima_edicao":null,"status":48,"materia":14565,"unidade_tramitacao_local":1,"unidade_tramitacao_destino":1,"user":null}