{"id":9891,"__str__":"Projeto de Lei Complementar n\u00ba 212 de 2014","link_detail_backend":"/materia/9891","metadata":{},"numero":212,"ano":2014,"numero_protocolo":null,"data_apresentacao":"2014-08-11","tipo_apresentacao":"E","data_publicacao":null,"numero_origem_externa":"18","ano_origem_externa":2014,"data_origem_externa":"2014-08-11","apelido":"","dias_prazo":null,"data_fim_prazo":null,"em_tramitacao":false,"polemica":null,"objeto":"","complementar":null,"ementa":"DISP\u00d5E SOBRE ALTERA\u00c7\u00c3O DA LEI COMPLEMENTAR N\u00ba 096 DE 15 DE DEZEMBRO DE 2011, E D\u00c1 OUTRAS PROVID\u00caNCIAS.","indexacao":"ALTERA\u00c7\u00c3O, QUADROS, PROVIMENTO, EFETIVO, PRA\u00c7AS, GUARDA, CIVIL, MUNICIPAL, CLASSE, DISTINTA, ESPECIAL, GUARDA CIVIL, 1\u00aa CLASSE, 2\u00aa, 3\u00aa, 4\u00aa, PROMO\u00c7\u00c3O, PROCESSO, NOMEA\u00c7\u00c3O, AVALIA\u00c7\u00c3O PSICOL\u00d3GICA, REFER\u00caNCIA, ALTERA\u00c7\u00c3O, B36, B40, 730, DIAS, SERVI\u00c7O, 365, N\u00cdVEL, VERTICAL, SUPERIOR, ","observacao":"","resultado":"","texto_original":"http://sapl.ibiuna.sp.leg.br/media/sapl/public/materialegislativa/2014/9891/9891_texto_integral.pdf","data_ultima_atualizacao":"2018-07-05T15:54:33.479472-03:00","ip":"","ultima_edicao":null,"tipo":5,"regime_tramitacao":1,"tipo_origem_externa":4,"local_origem_externa":1,"user":null,"anexadas":[],"autores":[95]}