{"id":9856,"__str__":"Mo\u00e7\u00e3o n\u00ba 7 de 2014","link_detail_backend":"/materia/9856","metadata":{},"numero":7,"ano":2014,"numero_protocolo":null,"data_apresentacao":"2014-08-19","tipo_apresentacao":"E","data_publicacao":null,"numero_origem_externa":"","ano_origem_externa":null,"data_origem_externa":null,"apelido":"","dias_prazo":null,"data_fim_prazo":null,"em_tramitacao":true,"polemica":null,"objeto":"","complementar":null,"ementa":"MO\u00c7\u00c3O DE PESAR PELO FALECIMENTO DO EX-GOVERNADOR DE PERNAMBUCO E CANDIDATO \u00c0 PRESID\u00caNCIA DA REP\u00daBLICAS NO PLEITO DE 2014, EDUARDO CAMPOS","indexacao":"EDUARDO, CAMPOS, PRESIDENTE, GOVERNADOR, PERNAMBUCO, RECIFE, 13 DE AGOSTO, ACIDENTE, A\u00c9REO, AVI\u00c3O, COLIS\u00c3O, QUEDA, ","observacao":"","resultado":"","texto_original":"http://sapl.ibiuna.sp.leg.br/media/sapl/public/materialegislativa/2014/9856/9856_texto_integral.pdf","data_ultima_atualizacao":"2018-07-05T15:54:30.571152-03:00","ip":"","ultima_edicao":null,"tipo":7,"regime_tramitacao":1,"tipo_origem_externa":null,"local_origem_externa":null,"user":null,"anexadas":[],"autores":[104,103]}