{"id":9506,"__str__":"Indica\u00e7\u00e3o n\u00ba 10 de 2014","link_detail_backend":"/materia/9506","metadata":{},"numero":10,"ano":2014,"numero_protocolo":null,"data_apresentacao":"2014-03-11","tipo_apresentacao":"E","data_publicacao":null,"numero_origem_externa":"","ano_origem_externa":null,"data_origem_externa":null,"apelido":"","dias_prazo":null,"data_fim_prazo":null,"em_tramitacao":true,"polemica":null,"objeto":"","complementar":null,"ementa":"INDICA\u00c7\u00c3O AO PREFEITO MUNICIPAL, SOLICITANDO INFORMA\u00c7\u00d5ES SOBRE O CUMPRIMENTO DO PROJETO DE LEI N\u00ba 357/2012 (LEI 1775/2012), QUE CRIA O PROGRAMA CENSO - INCLUS\u00c3O PARA IDENTIFICA\u00c7\u00c3O, MAPEAMENTO E CADASTRAMENTO DO PERFIL S\u00d3CIO-ECON\u00d4MICO DAS PESSOAS COM DEFICI\u00caNCIA OU MOBILIDADE REDUZIDA","indexacao":"ATENDIMENTO, CUMPRIR, LEI, LEGISLA\u00c7\u00c3O, DEFICIENTES, DADOS, MELHORIA, CONDI\u00c7\u00d5ES, VIDA, PORTADORES, NECESSIDADES, ESPECIAIS, DEFICI\u00caNCIA.","observacao":"","resultado":"","texto_original":"http://sapl.ibiuna.sp.leg.br/media/sapl/public/materialegislativa/2014/9506/9506_texto_integral.pdf","data_ultima_atualizacao":"2018-07-05T15:54:28.671314-03:00","ip":"","ultima_edicao":null,"tipo":8,"regime_tramitacao":1,"tipo_origem_externa":null,"local_origem_externa":null,"user":null,"anexadas":[],"autores":[111]}