{"id":943,"__str__":"Indica\u00e7\u00e3o n\u00ba 649 de 2010","link_detail_backend":"/materia/943","metadata":{},"numero":649,"ano":2010,"numero_protocolo":0,"data_apresentacao":"2010-09-08","tipo_apresentacao":"E","data_publicacao":null,"numero_origem_externa":"649","ano_origem_externa":2010,"data_origem_externa":"2010-09-08","apelido":"","dias_prazo":null,"data_fim_prazo":null,"em_tramitacao":true,"polemica":false,"objeto":"","complementar":false,"ementa":"INDICA\u00c7\u00c3O AO CHEFE DO EXECUTIVO PARA IMPLANTA\u00c7\u00c3O DE SINALIZA\u00c7\u00c3O E COLOCA\u00c7\u00c3O DE LOMBADA NA RUA PROJETADA, 1B LAVAL II, N\u00ba 289, OFICINA E FUNILARIA DO PRETO.","indexacao":"LAVAL II, IMPLANTA\u00c7\u00c3O, PROJETADA, SINALIZA\u00c7\u00c3O, COLOCA\u00c7\u00c3O, LOMBADA, VELOCIDADE, SEGURAN\u00c7A, OFICINA, FUNILARIA, PRETO.","observacao":"","resultado":"","texto_original":"http://sapl.ibiuna.sp.leg.br/media/sapl/public/materialegislativa/2010/943/943_texto_integral.pdf","data_ultima_atualizacao":"2018-07-05T15:54:28.297604-03:00","ip":"","ultima_edicao":null,"tipo":8,"regime_tramitacao":1,"tipo_origem_externa":8,"local_origem_externa":3,"user":null,"anexadas":[],"autores":[]}