{"id":894,"__str__":"Indica\u00e7\u00e3o n\u00ba 619 de 2010","link_detail_backend":"/materia/894","metadata":{},"numero":619,"ano":2010,"numero_protocolo":0,"data_apresentacao":"2010-08-24","tipo_apresentacao":"E","data_publicacao":null,"numero_origem_externa":"619","ano_origem_externa":2010,"data_origem_externa":"2010-08-24","apelido":"","dias_prazo":null,"data_fim_prazo":null,"em_tramitacao":true,"polemica":false,"objeto":"","complementar":false,"ementa":"INDICA\u00c7\u00c3O AO CHEFE DO EXECUTIVO PARA REPARO DAS LUMIN\u00c1RIAS NA PRA\u00c7A JOS\u00c9 MENDES, CAPELINHA DO BOM JESUS, PRA\u00c7A DA MATRIZ E PRA\u00c7A MONSENHOR ANT\u00d4NIO PEPE.","indexacao":"CENTRO, CAPELINHA, PRA\u00c7A, MATRIZ, MONSENHOR, PEPE, LUMIN\u00c1RIAS, CAPELINHA, BOM JESUS.","observacao":"","resultado":"","texto_original":"http://sapl.ibiuna.sp.leg.br/media/sapl/public/materialegislativa/2010/894/894_texto_integral.pdf","data_ultima_atualizacao":"2018-07-05T15:54:26.426688-03:00","ip":"","ultima_edicao":null,"tipo":8,"regime_tramitacao":1,"tipo_origem_externa":8,"local_origem_externa":3,"user":null,"anexadas":[],"autores":[]}