{"id":884,"__str__":"Indica\u00e7\u00e3o n\u00ba 609 de 2010","link_detail_backend":"/materia/884","metadata":{},"numero":609,"ano":2010,"numero_protocolo":0,"data_apresentacao":"2010-08-17","tipo_apresentacao":"E","data_publicacao":null,"numero_origem_externa":"609","ano_origem_externa":2010,"data_origem_externa":"2010-08-17","apelido":"","dias_prazo":null,"data_fim_prazo":null,"em_tramitacao":true,"polemica":false,"objeto":"","complementar":false,"ementa":"INDICA\u00c7\u00c3O AO CHEFE DO EXECUTIVO PARA DENOMINA\u00c7\u00c3O DE RUA NA COMUNIDADE S\u00c3O BENEDITO, FINAL DO ASFALTO DA ESTRADA DO COL\u00c9GIO, COMO: RUA TARC\u00cdSIO LEME.","indexacao":"COL\u00c9GIO, S\u00c3O BENEDITO, TARC\u00cdSIO LEME, TARC\u00cdSIO, DENOMINA\u00c7\u00c3O, COMUNIDADE.","observacao":"","resultado":"","texto_original":"http://sapl.ibiuna.sp.leg.br/media/sapl/public/materialegislativa/2010/884/884_texto_integral.pdf","data_ultima_atualizacao":"2018-07-05T15:54:25.047957-03:00","ip":"","ultima_edicao":null,"tipo":8,"regime_tramitacao":1,"tipo_origem_externa":8,"local_origem_externa":3,"user":null,"anexadas":[],"autores":[5]}