{"id":8810,"__str__":"Indica\u00e7\u00e3o n\u00ba 588 de 2013","link_detail_backend":"/materia/8810","metadata":{},"numero":588,"ano":2013,"numero_protocolo":null,"data_apresentacao":"2013-08-13","tipo_apresentacao":"E","data_publicacao":null,"numero_origem_externa":"","ano_origem_externa":null,"data_origem_externa":null,"apelido":"","dias_prazo":null,"data_fim_prazo":null,"em_tramitacao":true,"polemica":null,"objeto":"","complementar":null,"ementa":"INDICA\u00c7\u00c3O AO PREFEITO MUNICIPAL, SOLICITANDO ESTUDOS VIABILIZANDO A MUDAN\u00c7A DE LOCAL DA FEIRA DE DOMINGO PARA PELO MENOS UM QUARTEIR\u00c3O ACIMA DO LOCAL ATUAL.","indexacao":"MUDAN\u00c7A, LOCALIZA\u00c7\u00c3O, FEIRA, LIVRE, CRIAN\u00c7AS, IDADE, GUARDA, CARROS, FLANELINHAS, ESTACIONAMENTO, RISCO, CCI.","observacao":"","resultado":"","texto_original":"http://sapl.ibiuna.sp.leg.br/media/sapl/public/materialegislativa/2013/8810/8810_texto_integral.pdf","data_ultima_atualizacao":"2018-07-05T15:54:35.901807-03:00","ip":"","ultima_edicao":null,"tipo":8,"regime_tramitacao":1,"tipo_origem_externa":null,"local_origem_externa":null,"user":null,"anexadas":[],"autores":[104,103]}