{"id":8372,"__str__":"Indica\u00e7\u00e3o n\u00ba 534 de 2013","link_detail_backend":"/materia/8372","metadata":{},"numero":534,"ano":2013,"numero_protocolo":null,"data_apresentacao":"2013-06-10","tipo_apresentacao":"E","data_publicacao":null,"numero_origem_externa":"","ano_origem_externa":null,"data_origem_externa":null,"apelido":"","dias_prazo":null,"data_fim_prazo":null,"em_tramitacao":true,"polemica":null,"objeto":"","complementar":null,"ementa":"INDICA\u00c7\u00c3O AO PREFEITO MUNICIPAL, SOLICITANDO INSTALA\u00c7\u00c3O DE BICOS DE LUZ NO BAIRRO MURUNDU, MAIS PRECISAMENTE NA ESTRADA POPULARMENTE CONHECIDA COMO EST\u00c2NCIA DA PRATA.","indexacao":"BICO DE LUZ, LUMIN\u00c1RIAS, ILUMINA\u00c7\u00c3O P\u00daBLICA, SEGURAN\u00c7A, RISCO, ESTUDANTES, TRABALHADORES, CH\u00c1CARA, OSVALDO, D'\u00c1VILA, VICENTE LOPES, VALDOMIRO, MIRON, JOSIVALDO, JO\u00c3O, SEBASTI\u00c3O.","observacao":"","resultado":"","texto_original":"http://sapl.ibiuna.sp.leg.br/media/sapl/public/materialegislativa/2013/8372/8372_texto_integral.pdf","data_ultima_atualizacao":"2018-07-05T15:54:27.862616-03:00","ip":"","ultima_edicao":null,"tipo":8,"regime_tramitacao":1,"tipo_origem_externa":null,"local_origem_externa":null,"user":null,"anexadas":[],"autores":[102]}