{"id":8303,"__str__":"Projeto de Lei Ordin\u00e1ria n\u00ba 38 de 2013","link_detail_backend":"/materia/8303","metadata":{},"numero":38,"ano":2013,"numero_protocolo":null,"data_apresentacao":"2013-05-29","tipo_apresentacao":"E","data_publicacao":null,"numero_origem_externa":"","ano_origem_externa":null,"data_origem_externa":null,"apelido":"","dias_prazo":null,"data_fim_prazo":null,"em_tramitacao":false,"polemica":null,"objeto":"","complementar":null,"ementa":"DISP\u00d5E SOBRE A REESTRUTURA\u00c7\u00c3O DO QUADRO DE PESSOAL DA C\u00c2MARA MUNICIPAL DA EST\u00c2NCIA TUR\u00cdSTICA DE IBI\u00daNA E D\u00c1 OUTRAS PROVID\u00caNCIAS.","indexacao":"EXTIN\u00c7\u00c3O, CARGOS, ASSESSOR PARLAMENTAR I, CRIA\u00c7\u00c3O, CARGO, CONCURSO, P\u00daBLICO, CONTADOR, ASSESSOR DE GABINETE DA PRESID\u00caNCIA, ENSINO, SUPERIOR, CONCLUS\u00c3O, OFICIAL DE GABINETE, AGENTE DE SEGURAN\u00c7A LEGISLATIVO, ","observacao":"","resultado":"","texto_original":"http://sapl.ibiuna.sp.leg.br/media/sapl/public/materialegislativa/2013/8303/8303_texto_integral.pdf","data_ultima_atualizacao":"2018-07-05T15:54:35.355835-03:00","ip":"","ultima_edicao":null,"tipo":1,"regime_tramitacao":1,"tipo_origem_externa":null,"local_origem_externa":null,"user":null,"anexadas":[],"autores":[100]}