{"id":8275,"__str__":"Projeto de Lei Ordin\u00e1ria n\u00ba 430 de 2012","link_detail_backend":"/materia/8275","metadata":{},"numero":430,"ano":2012,"numero_protocolo":null,"data_apresentacao":"2012-08-07","tipo_apresentacao":"E","data_publicacao":null,"numero_origem_externa":"64","ano_origem_externa":2012,"data_origem_externa":"2012-08-07","apelido":"","dias_prazo":null,"data_fim_prazo":null,"em_tramitacao":false,"polemica":null,"objeto":"","complementar":null,"ementa":"ALTERA A REDA\u00c7\u00c3O DA AL\u00cdNEA \"A\" DO INCISO IV, DO ARTIGO 6\u00ba DA LEI N\u00ba 0390/97, ACRESCIDA PELA LEI N\u00ba 1130/2006.","indexacao":"ALTERA\u00c7\u00c3O, LEI, LEGISLA\u00c7\u00c3O, RENDA MENSAL, FAMILIAR, CEMIT\u00c9RIOS, PESSOAS, CARENTES.","observacao":"","resultado":"","texto_original":"http://sapl.ibiuna.sp.leg.br/media/sapl/public/materialegislativa/2012/8275/8275_texto_integral.pdf","data_ultima_atualizacao":"2018-07-05T15:54:22.355401-03:00","ip":"","ultima_edicao":null,"tipo":1,"regime_tramitacao":1,"tipo_origem_externa":4,"local_origem_externa":1,"user":null,"anexadas":[],"autores":[96]}