{"id":8035,"__str__":"Mo\u00e7\u00e3o n\u00ba 6 de 2013","link_detail_backend":"/materia/8035","metadata":{},"numero":6,"ano":2013,"numero_protocolo":null,"data_apresentacao":"2013-04-23","tipo_apresentacao":"E","data_publicacao":null,"numero_origem_externa":"","ano_origem_externa":null,"data_origem_externa":null,"apelido":"","dias_prazo":null,"data_fim_prazo":null,"em_tramitacao":true,"polemica":null,"objeto":"","complementar":null,"ementa":"MO\u00c7\u00c3O DE CONGRATULA\u00c7\u00d5ES E APLAUSOS AOS GUARDAS CIVIS MUNICIPAIS PELO EXCELENTE TRABALHO QUE VEM DESENVOLVENDO PARA O MUNIC\u00cdPIO.","indexacao":"COMANDANTE, MARCELO GODINHO DA SILVA, GUARDA, CIVIL, MUNICIPAL, DANIEL LEANDRO VAL\u00caNCIO, ALEXANDRE ALVES CORDEIRO, AGRIMAR ANT\u00d4NIO DO PRADO, RODRIGO WATERMANN, GERSON MUNIER, WAGNER WELINGTON DE OLIVEIRA SOBRINHO, COMUNIDADE, SEGURAN\u00c7A, CATEGORIA","observacao":"","resultado":"","texto_original":"http://sapl.ibiuna.sp.leg.br/media/sapl/public/materialegislativa/2013/8035/8035_texto_integral.pdf","data_ultima_atualizacao":"2018-07-05T15:54:22.249284-03:00","ip":"","ultima_edicao":null,"tipo":7,"regime_tramitacao":1,"tipo_origem_externa":null,"local_origem_externa":null,"user":null,"anexadas":[],"autores":[104,103]}