{"id":734,"__str__":"Indica\u00e7\u00e3o n\u00ba 490 de 2010","link_detail_backend":"/materia/734","metadata":{},"numero":490,"ano":2010,"numero_protocolo":0,"data_apresentacao":"2010-05-11","tipo_apresentacao":"E","data_publicacao":null,"numero_origem_externa":"490","ano_origem_externa":2010,"data_origem_externa":"2010-05-11","apelido":"","dias_prazo":null,"data_fim_prazo":null,"em_tramitacao":true,"polemica":false,"objeto":"","complementar":false,"ementa":"INDICA\u00c7\u00c3O AO CHEFE DO EXECUTIVO PARA COLOCA\u00c7\u00c3O DE SEM\u00c1FORO OU GUARDA DE TR\u00c2NSITO NO CRUZAMENTO DAS RUAS PINDUCA SOARES E DR. GABRIEL MONTEIRO DA SILVA DAS 13H30 \u00c0S 13H30 E DAS 16H30 \u00c0S 19H00, DE SEGUNDA A SEXTA, E AOS S\u00c1BADOS DAS 09H \u00c0S 18H.","indexacao":"CENTRO, GABRIEL MONTEIRO DA SILVA, PINDUCA SOARES, GUARDA, MUNICIPAL, SEM\u00c1FORO, CRUZAMENTO.","observacao":"","resultado":"","texto_original":"http://sapl.ibiuna.sp.leg.br/media/sapl/public/materialegislativa/2010/734/734_texto_integral.pdf","data_ultima_atualizacao":"2018-07-05T15:54:25.238818-03:00","ip":"","ultima_edicao":null,"tipo":8,"regime_tramitacao":1,"tipo_origem_externa":8,"local_origem_externa":3,"user":null,"anexadas":[],"autores":[]}