{"id":7110,"__str__":"Indica\u00e7\u00e3o n\u00ba 230 de 2013","link_detail_backend":"/materia/7110","metadata":{},"numero":230,"ano":2013,"numero_protocolo":null,"data_apresentacao":"2013-02-06","tipo_apresentacao":"E","data_publicacao":null,"numero_origem_externa":"230","ano_origem_externa":2013,"data_origem_externa":"2013-02-06","apelido":"","dias_prazo":null,"data_fim_prazo":null,"em_tramitacao":true,"polemica":false,"objeto":"","complementar":false,"ementa":"INDICA\u00c7\u00c3O AO PREFEITO MUNICIPAL, SOLICITANDO SERVI\u00c7OS DE REFORMA DO PONTO DE PARADA DE \u00d4NIBUS, LOCALIZADO NO BAIRRO COL\u00c9GIO, EM FRENTE AO MERCADO FONT\u00c3O.","indexacao":"REFORMA, MANUTEN\u00c7\u00c3O, ABRIGO, \u00d4NIBUS, PARADA, TRANSPORTE, P\u00daBLICO, COLETIVO, IDOSOS, CRIAN\u00c7AS, ESTUDANTES, INTEMP\u00c9RIES, ","observacao":"","resultado":"","texto_original":"http://sapl.ibiuna.sp.leg.br/media/sapl/public/materialegislativa/2013/7110/7110_texto_integral.pdf","data_ultima_atualizacao":"2018-07-05T15:54:26.842178-03:00","ip":"","ultima_edicao":null,"tipo":8,"regime_tramitacao":1,"tipo_origem_externa":8,"local_origem_externa":3,"user":null,"anexadas":[],"autores":[111]}