{"id":6963,"__str__":"Indica\u00e7\u00e3o n\u00ba 191 de 2013","link_detail_backend":"/materia/6963","metadata":{},"numero":191,"ano":2013,"numero_protocolo":null,"data_apresentacao":"2013-02-01","tipo_apresentacao":"E","data_publicacao":null,"numero_origem_externa":"191","ano_origem_externa":2013,"data_origem_externa":"2013-02-01","apelido":"","dias_prazo":null,"data_fim_prazo":null,"em_tramitacao":true,"polemica":false,"objeto":"","complementar":false,"ementa":"INDICA\u00c7\u00c3O AO PREFEITO MUNICIPAL, SOLICITANDO ESTUDOS PARA CONTRATA\u00c7\u00c3O DE EQUIPES DE JARDINEIROS PARA ATUAREM EXCLUSIVAMENTE NA LIMPEZA E CUIDADO DAS PRA\u00c7AS MUNICIPAIS.","indexacao":"MANUTEN\u00c7\u00c3O, PRA\u00c7A, P\u00daBLICA, AJARDINADO, JARDIM, EMBELEZAMENTO, CIDADE, PODA, CORTE, GRAMADO, PATRIM\u00d4NIO P\u00daBLICO, ASSEIO.","observacao":"","resultado":"","texto_original":"http://sapl.ibiuna.sp.leg.br/media/sapl/public/materialegislativa/2013/6963/6963_texto_integral.pdf","data_ultima_atualizacao":"2018-07-05T15:54:27.685047-03:00","ip":"","ultima_edicao":null,"tipo":8,"regime_tramitacao":1,"tipo_origem_externa":8,"local_origem_externa":3,"user":null,"anexadas":[],"autores":[9]}