{"id":6949,"__str__":"Indica\u00e7\u00e3o n\u00ba 182 de 2013","link_detail_backend":"/materia/6949","metadata":{},"numero":182,"ano":2013,"numero_protocolo":null,"data_apresentacao":"2013-02-01","tipo_apresentacao":"E","data_publicacao":null,"numero_origem_externa":"182","ano_origem_externa":2013,"data_origem_externa":"2013-02-01","apelido":"","dias_prazo":null,"data_fim_prazo":null,"em_tramitacao":true,"polemica":false,"objeto":"","complementar":false,"ementa":"INDICA\u00c7\u00c3O AO PREFEITO MUNICIPAL, SOLICITANDO ESTUDOS PARA TRANSFORMA\u00c7\u00c3O DO PR\u00c9DIO DA BASE DA GUARDA CIVIL MUNICIPAL DO BAIRRO COL\u00c9GIO EM POSTO DE SA\u00daDE.","indexacao":"TRANSFORMA\u00c7\u00c3O, CONVERS\u00c3O, PR\u00c9DIO, GUARDA MUNICIPAL, POSTO DE SA\u00daDE, UNIDADE B\u00c1SICA DE SA\u00daDE, UBS, ATENDIMENTO, M\u00c9DICO. ","observacao":"","resultado":"","texto_original":"http://sapl.ibiuna.sp.leg.br/media/sapl/public/materialegislativa/2013/6949/6949_texto_integral.pdf","data_ultima_atualizacao":"2018-07-05T15:54:32.408019-03:00","ip":"","ultima_edicao":null,"tipo":8,"regime_tramitacao":1,"tipo_origem_externa":8,"local_origem_externa":3,"user":null,"anexadas":[],"autores":[9]}