{"id":6256,"__str__":"Indica\u00e7\u00e3o n\u00ba 6 de 2013","link_detail_backend":"/materia/6256","metadata":{},"numero":6,"ano":2013,"numero_protocolo":null,"data_apresentacao":"2013-01-03","tipo_apresentacao":"E","data_publicacao":null,"numero_origem_externa":"6","ano_origem_externa":2013,"data_origem_externa":"2013-01-03","apelido":"","dias_prazo":null,"data_fim_prazo":null,"em_tramitacao":true,"polemica":false,"objeto":"","complementar":false,"ementa":"INDICA\u00c7\u00c3O AO PREFEITO MUNICIPAL, SOLICITANDO INSTALA\u00c7\u00c3O DE 03 (TR\u00caS) BICOS DE LUZ NO BAIRRO CUPIM DE CIMA, PR\u00d3XIMO AO TRASNFORMADOR T0539","indexacao":"BICO DE LUZ, LUMIN\u00c1RIA, ILUMINA\u00c7\u00c3O P\u00daBLICA, SEGURAN\u00c7A, ESTUDANTES, TRABALHADORES, RICARDO FLEXA.","observacao":"","resultado":"","texto_original":"http://sapl.ibiuna.sp.leg.br/media/sapl/public/materialegislativa/2013/6256/6256_texto_integral.pdf","data_ultima_atualizacao":"2018-07-05T15:54:31.026952-03:00","ip":"","ultima_edicao":null,"tipo":8,"regime_tramitacao":1,"tipo_origem_externa":8,"local_origem_externa":3,"user":null,"anexadas":[],"autores":[5]}