{"id":499,"__str__":"Indica\u00e7\u00e3o n\u00ba 263 de 2010","link_detail_backend":"/materia/499","metadata":{},"numero":263,"ano":2010,"numero_protocolo":0,"data_apresentacao":"2010-01-19","tipo_apresentacao":"E","data_publicacao":null,"numero_origem_externa":"263","ano_origem_externa":2010,"data_origem_externa":"2010-01-18","apelido":"","dias_prazo":null,"data_fim_prazo":null,"em_tramitacao":true,"polemica":false,"objeto":"","complementar":false,"ementa":"INDICA\u00c7\u00c3O AO CHEFE DO EXECUTIVO PARA REFORMA COMPLETA DO VESTI\u00c1RIO E ALAMBRADO DO CAMPO DE FUTEBOL DO BAIRRO VARGEM DO SALTO.","indexacao":"VARGEM DO SALTO, VESTI\u00c1RIO, ALAMBRADO, REFORMA, CAMPO, FUTEBOL, ESPORTE, CONDI\u00c7\u00d5ES, CONSERVA\u00c7\u00c3O, ESPORTISTAS, TORCEDORES.","observacao":"","resultado":"","texto_original":"http://sapl.ibiuna.sp.leg.br/media/sapl/public/materialegislativa/2010/499/499_texto_integral.pdf","data_ultima_atualizacao":"2018-07-05T15:54:29.236664-03:00","ip":"","ultima_edicao":null,"tipo":8,"regime_tramitacao":1,"tipo_origem_externa":8,"local_origem_externa":3,"user":null,"anexadas":[],"autores":[5]}