{"id":333,"__str__":"Indica\u00e7\u00e3o n\u00ba 109 de 2010","link_detail_backend":"/materia/333","metadata":{},"numero":109,"ano":2010,"numero_protocolo":0,"data_apresentacao":"2010-01-12","tipo_apresentacao":"E","data_publicacao":null,"numero_origem_externa":"109","ano_origem_externa":2010,"data_origem_externa":"2010-01-11","apelido":"","dias_prazo":null,"data_fim_prazo":null,"em_tramitacao":true,"polemica":false,"objeto":"","complementar":false,"ementa":"INDICA\u00c7\u00c3O AO CHEFE DO GOVERNO PARA REFORMA DA GALERIA DE \u00c1GUAS PLUVIAIS, ROTAT\u00d3RIA DE ACESSO DA RUA SEVERINO V. DE MORAES COM AVENIDA MARINA LA FARINA MILANI.","indexacao":"SEVERINO V. DE MORAES, MARINA LA FARINA MILANI, REFORMA, \u00c1GUAS PLUVIAIS, GALERIA, ROTET\u00d3RIA.","observacao":"","resultado":"","texto_original":"http://sapl.ibiuna.sp.leg.br/media/sapl/public/materialegislativa/2010/333/333_texto_integral.pdf","data_ultima_atualizacao":"2018-07-05T15:54:32.357253-03:00","ip":"","ultima_edicao":null,"tipo":8,"regime_tramitacao":1,"tipo_origem_externa":8,"local_origem_externa":3,"user":null,"anexadas":[],"autores":[6]}