{"id":242,"__str__":"Indica\u00e7\u00e3o n\u00ba 24 de 2010","link_detail_backend":"/materia/242","metadata":{},"numero":24,"ano":2010,"numero_protocolo":0,"data_apresentacao":"2010-01-05","tipo_apresentacao":"E","data_publicacao":null,"numero_origem_externa":"24","ano_origem_externa":2010,"data_origem_externa":"2010-01-05","apelido":"","dias_prazo":null,"data_fim_prazo":null,"em_tramitacao":true,"polemica":false,"objeto":"","complementar":false,"ementa":"INDICA\u00c7\u00c3O AO CHEFE DO EXECUTIVO SOBRE COLOCA\u00c7\u00c3O DE M\u00c9DICO CL\u00cdNICO GERAL NO POSTO DE SA\u00daDE DO BAIRRO DO PIA\u00cd, 4 VEZES POR SEMANA.","indexacao":"PIA\u00cd, PIAI, M\u00c9DICO, COLOCA\u00c7\u00c3O, POSTO, POSTO DE SA\u00daDE, SA\u00daDE, SEMANA, 4 VEZES, CL\u00cdNICO GERAL.","observacao":"","resultado":"","texto_original":"http://sapl.ibiuna.sp.leg.br/media/sapl/public/materialegislativa/2010/242/242_texto_integral.pdf","data_ultima_atualizacao":"2018-07-05T15:54:35.067913-03:00","ip":"","ultima_edicao":null,"tipo":8,"regime_tramitacao":1,"tipo_origem_externa":8,"local_origem_externa":3,"user":null,"anexadas":[],"autores":[6]}