{"id":20069,"__str__":"Projeto de Decreto Legislativo n\u00ba 9 de 2026","link_detail_backend":"/materia/20069","metadata":{},"numero":9,"ano":2026,"numero_protocolo":347,"data_apresentacao":"2026-04-16","tipo_apresentacao":"","data_publicacao":null,"numero_origem_externa":"","ano_origem_externa":null,"data_origem_externa":null,"apelido":"","dias_prazo":null,"data_fim_prazo":null,"em_tramitacao":true,"polemica":false,"objeto":"","complementar":false,"ementa":"Disp\u00f5e sobre a concess\u00e3o da Condecora\u00e7\u00e3o \u201cCapit\u00e3o Manoel de Oliveira Carvalho\u201d \u00e0 Sra. Lucilene de Jesus Soares Pedroso.","indexacao":"","observacao":"","resultado":"","texto_original":"http://sapl.ibiuna.sp.leg.br/media/sapl/public/materialegislativa/2026/20069/projeto_de_decreto_legislativo_001_2026_-_condecoracao_cap._manoel_de_oliveira_carvalho_-_lucilene.docx","data_ultima_atualizacao":"2026-04-22T14:44:58.187314-03:00","ip":"","ultima_edicao":null,"tipo":6,"regime_tramitacao":1,"tipo_origem_externa":null,"local_origem_externa":null,"user":null,"anexadas":[],"autores":[155]}