{"id":19910,"__str__":"Projeto de Lei Ordin\u00e1ria n\u00ba 213 de 2026","link_detail_backend":"/materia/19910","metadata":{},"numero":213,"ano":2026,"numero_protocolo":null,"data_apresentacao":"2026-03-02","tipo_apresentacao":"E","data_publicacao":null,"numero_origem_externa":"10","ano_origem_externa":2026,"data_origem_externa":"2026-02-23","apelido":"","dias_prazo":null,"data_fim_prazo":null,"em_tramitacao":true,"polemica":false,"objeto":"","complementar":false,"ementa":"\u201cDisp\u00f5e sobre a oficializa\u00e7\u00e3o da extens\u00e3o da Rua Divaldo Bellato, da Rua Milton Giancoli, e sobre a denomina\u00e7\u00e3o da Rua Sebasti\u00e3o Pereira de Albuquerque, no Munic\u00edpio da Est\u00e2ncia Tur\u00edstica de Ibi\u00fana, e d\u00e1 outras provid\u00eancias.\u201d","indexacao":"\u201cDisp\u00f5e sobre a oficializa\u00e7\u00e3o da extens\u00e3o da Rua Divaldo Bellato, da Rua Milton Giancoli, e sobre a denomina\u00e7\u00e3o da Rua Sebasti\u00e3o Pereira de Albuquerque, no Munic\u00edpio da Est\u00e2ncia Tur\u00edstica de Ibi\u00fana, e d\u00e1 outras provid\u00eancias.\u201d","observacao":"","resultado":"","texto_original":"http://sapl.ibiuna.sp.leg.br/media/sapl/public/materialegislativa/2026/19910/plo_213_-_2026.pdf","data_ultima_atualizacao":"2026-03-30T12:25:22.482734-03:00","ip":"45.225.195.118","ultima_edicao":"2026-03-05T11:42:58.055529-03:00","tipo":1,"regime_tramitacao":1,"tipo_origem_externa":4,"local_origem_externa":1,"user":136,"anexadas":[],"autores":[150]}