{"id":19877,"__str__":"Indica\u00e7\u00e3o n\u00ba 153 de 2026","link_detail_backend":"/materia/19877","metadata":{},"numero":153,"ano":2026,"numero_protocolo":181,"data_apresentacao":"2026-03-03","tipo_apresentacao":"E","data_publicacao":null,"numero_origem_externa":"","ano_origem_externa":null,"data_origem_externa":null,"apelido":"","dias_prazo":null,"data_fim_prazo":null,"em_tramitacao":true,"polemica":false,"objeto":"","complementar":false,"ementa":"Indica\u00e7\u00e3o ao Prefeito Municipal solicitando provid\u00eancias para enquadrar as ADIs na carreira do magist\u00e9rio","indexacao":"Indica\u00e7\u00e3o ao Prefeito Municipal solicitando provid\u00eancias para enquadrar as ADIs na carreira do magist\u00e9rio","observacao":"","resultado":"","texto_original":"http://sapl.ibiuna.sp.leg.br/media/sapl/public/materialegislativa/2026/19877/indicacao_153.pdf","data_ultima_atualizacao":"2026-03-04T11:51:37.331183-03:00","ip":"45.225.195.118","ultima_edicao":"2026-03-04T11:45:47.989532-03:00","tipo":8,"regime_tramitacao":1,"tipo_origem_externa":null,"local_origem_externa":null,"user":109,"anexadas":[],"autores":[112]}