{"id":19849,"__str__":"Projeto de Lei Ordin\u00e1ria n\u00ba 209 de 2026","link_detail_backend":"/materia/19849","metadata":{},"numero":209,"ano":2026,"numero_protocolo":null,"data_apresentacao":"2026-02-23","tipo_apresentacao":"E","data_publicacao":null,"numero_origem_externa":"005","ano_origem_externa":2026,"data_origem_externa":"2026-02-09","apelido":"","dias_prazo":null,"data_fim_prazo":null,"em_tramitacao":false,"polemica":false,"objeto":"","complementar":false,"ementa":"\"Disp\u00f5e sobre o corte de \u00e1rvores isoladas, agrupamentos arb\u00f3reos, supress\u00e3o de fragmentos florestais e interven\u00e7\u00f5es em \u00e1reas de preserva\u00e7\u00e3o permanente no Munic\u00edpio de Ibi\u00fana.\"","indexacao":"\"Disp\u00f5e sobre o corte de \u00e1rvores isoladas, agrupamentos arb\u00f3reos, supress\u00e3o de fragmentos florestais e interven\u00e7\u00f5es em \u00e1reas de preserva\u00e7\u00e3o permanente no Munic\u00edpio de Ibi\u00fana.\"","observacao":"","resultado":"","texto_original":"http://sapl.ibiuna.sp.leg.br/media/sapl/public/materialegislativa/2026/19849/plo_-_209_-_2026.pdf","data_ultima_atualizacao":"2026-03-12T09:28:07.104657-03:00","ip":"45.225.195.118","ultima_edicao":"2026-03-12T09:28:05.522346-03:00","tipo":1,"regime_tramitacao":1,"tipo_origem_externa":4,"local_origem_externa":1,"user":136,"anexadas":[],"autores":[150]}