{"id":19840,"__str__":"Projeto de Lei Ordin\u00e1ria n\u00ba 205 de 2026","link_detail_backend":"/materia/19840","metadata":{},"numero":205,"ano":2026,"numero_protocolo":150,"data_apresentacao":"2026-02-19","tipo_apresentacao":"E","data_publicacao":null,"numero_origem_externa":"","ano_origem_externa":null,"data_origem_externa":null,"apelido":"","dias_prazo":null,"data_fim_prazo":null,"em_tramitacao":true,"polemica":false,"objeto":"","complementar":false,"ementa":"\"Institui o Programa Municipal de Seguran\u00e7a, Preven\u00e7\u00e3o de Acidentes Salvamento Aqu\u00e1tico \u201cAdemir Nunes dos Santos \u2013 Chong\u201d na Represa de Itupararanga, no Munic\u00edpio da Est\u00e2ncia Tur\u00edstica de Ibi\u00fana, visando \u00e0 prote\u00e7\u00e3o da vida e \u00e0 redu\u00e7\u00e3o de acidentes, e d\u00e1 outras provid\u00eancias.\"","indexacao":"\"Institui o Programa Municipal de Seguran\u00e7a, Preven\u00e7\u00e3o de Acidentes Salvamento Aqu\u00e1tico \u201cAdemir Nunes dos Santos \u2013 Chong\u201d na Represa de Itupararanga, no Munic\u00edpio da Est\u00e2ncia Tur\u00edstica de Ibi\u00fana, visando \u00e0 prote\u00e7\u00e3o da vida e \u00e0 redu\u00e7\u00e3o de acidentes, e d\u00e1 outras provid\u00eancias.\"","observacao":"","resultado":"","texto_original":"http://sapl.ibiuna.sp.leg.br/media/sapl/public/materialegislativa/2026/19840/projeto_de_lei_seguranca_na_represa.docx","data_ultima_atualizacao":"2026-02-20T15:07:01.354758-03:00","ip":"45.225.195.118","ultima_edicao":"2026-02-19T09:30:15.142161-03:00","tipo":1,"regime_tramitacao":1,"tipo_origem_externa":null,"local_origem_externa":null,"user":136,"anexadas":[],"autores":[157]}