{"id":19813,"__str__":"Indica\u00e7\u00e3o n\u00ba 108 de 2026","link_detail_backend":"/materia/19813","metadata":{"signs":{"texto_original":{}}},"numero":108,"ano":2026,"numero_protocolo":126,"data_apresentacao":"2026-02-19","tipo_apresentacao":"E","data_publicacao":null,"numero_origem_externa":"","ano_origem_externa":null,"data_origem_externa":null,"apelido":"","dias_prazo":null,"data_fim_prazo":null,"em_tramitacao":true,"polemica":false,"objeto":"","complementar":false,"ementa":"Indica\u00e7\u00e3o ao Prefeito Municipal solicitando a institucionaliza\u00e7\u00e3o da Patrulha N\u00e1utica como divis\u00e3o da Guarda Civil Municipal","indexacao":"Indica\u00e7\u00e3o ao Prefeito Municipal solicitando a institucionaliza\u00e7\u00e3o da Patrulha N\u00e1utica como divis\u00e3o da Guarda Civil Municipal","observacao":"","resultado":"","texto_original":"http://sapl.ibiuna.sp.leg.br/media/sapl/public/materialegislativa/2026/19813/indicacao_108.pdf","data_ultima_atualizacao":"2026-02-23T09:32:25.145978-03:00","ip":"45.225.195.118","ultima_edicao":"2026-02-20T14:06:46.937895-03:00","tipo":8,"regime_tramitacao":1,"tipo_origem_externa":null,"local_origem_externa":null,"user":109,"anexadas":[],"autores":[155]}