{"id":18833,"__str__":"Projeto de Lei Ordin\u00e1ria n\u00ba 73 de 2025","link_detail_backend":"/materia/18833","metadata":{},"numero":73,"ano":2025,"numero_protocolo":540,"data_apresentacao":"2025-04-29","tipo_apresentacao":"E","data_publicacao":null,"numero_origem_externa":"","ano_origem_externa":null,"data_origem_externa":null,"apelido":"","dias_prazo":null,"data_fim_prazo":null,"em_tramitacao":false,"polemica":false,"objeto":"","complementar":false,"ementa":"\u201cDisp\u00f5e sobre a atua\u00e7\u00e3o dos guardadores aut\u00f4nomos de ve\u00edculos automotores na Est\u00e2ncia Tur\u00edstica de Ibi\u00fana e estabelece crit\u00e9rios para o exerc\u00edcio da atividade.\u201d","indexacao":"\u201cDisp\u00f5e sobre a atua\u00e7\u00e3o dos guardadores aut\u00f4nomos de ve\u00edculos automotores na Est\u00e2ncia Tur\u00edstica de Ibi\u00fana e estabelece crit\u00e9rios para o exerc\u00edcio da atividade.\u201d","observacao":"","resultado":"","texto_original":"http://sapl.ibiuna.sp.leg.br/media/sapl/public/materialegislativa/2025/18833/plo_73_-_2025_merged.pdf","data_ultima_atualizacao":"2026-02-27T13:32:55.677419-03:00","ip":"45.225.195.118","ultima_edicao":"2025-11-26T10:06:42.624167-03:00","tipo":1,"regime_tramitacao":1,"tipo_origem_externa":null,"local_origem_externa":null,"user":136,"anexadas":[],"autores":[155]}