{"id":17918,"__str__":"Mo\u00e7\u00e3o n\u00ba 8 de 2024","link_detail_backend":"/materia/17918","metadata":{},"numero":8,"ano":2024,"numero_protocolo":202,"data_apresentacao":"2024-05-14","tipo_apresentacao":"E","data_publicacao":null,"numero_origem_externa":"","ano_origem_externa":null,"data_origem_externa":null,"apelido":"","dias_prazo":null,"data_fim_prazo":null,"em_tramitacao":false,"polemica":false,"objeto":"","complementar":false,"ementa":"Mo\u00e7\u00e3o de Aplausos \u00e0 enfermeira Marta Raquel Fernandes Raul de Souza, em reconhecimento \u00e0s suas realiza\u00e7\u00f5es e contribui\u00e7\u00f5es para a sa\u00fade","indexacao":"Mo\u00e7\u00e3o de Aplausos \u00e0 enfermeira Marta Raquel Fernandes Raul de Souza, em reconhecimento \u00e0s suas realiza\u00e7\u00f5es e contribui\u00e7\u00f5es para a sa\u00fade","observacao":"","resultado":"","texto_original":"http://sapl.ibiuna.sp.leg.br/media/sapl/public/materialegislativa/2024/17918/mocao_008.pdf","data_ultima_atualizacao":"2024-05-14T13:08:10.950969-03:00","ip":"200.232.13.146","ultima_edicao":"2024-05-14T13:08:10.808882-03:00","tipo":7,"regime_tramitacao":1,"tipo_origem_externa":null,"local_origem_externa":null,"user":109,"anexadas":[],"autores":[139]}