{"id":17804,"__str__":"Projeto de Lei Ordin\u00e1ria n\u00ba 407 de 2024","link_detail_backend":"/materia/17804","metadata":{},"numero":407,"ano":2024,"numero_protocolo":null,"data_apresentacao":"2024-02-19","tipo_apresentacao":"E","data_publicacao":null,"numero_origem_externa":"","ano_origem_externa":2024,"data_origem_externa":"2024-02-19","apelido":"","dias_prazo":null,"data_fim_prazo":null,"em_tramitacao":false,"polemica":false,"objeto":"","complementar":false,"ementa":"Autoriza o Poder Executivo a adquirir atrav\u00e9s de desapropria\u00e7\u00e3o por via amig\u00e1vel ou judicial uma \u00e1rea situada no prolongamento final da Rua L\u00e1zara Maria da Concei\u00e7\u00e3o de frente para a Avenida Vereador Dr. Jo\u00e3o Benedicto de Mello J\u00fanior, no centro, neste Munic\u00edpio e Comarca de Ibi\u00fana/SP, necess\u00e1ria para interliga\u00e7\u00e3o das vias citadas e d\u00e1 outras provid\u00eancias correlatas.","indexacao":"Autoriza o Poder Executivo a adquirir atrav\u00e9s de desapropria\u00e7\u00e3o por via amig\u00e1vel ou judicial uma \u00e1rea situada no prolongamento final da Rua L\u00e1zara Maria da Concei\u00e7\u00e3o de frente para a Avenida Vereador Dr. Jo\u00e3o Benedicto de Mello J\u00fanior, no centro, neste Munic\u00edpio e Comarca de Ibi\u00fana/SP, necess\u00e1ria para interliga\u00e7\u00e3o das vias citadas e d\u00e1 outras provid\u00eancias correlatas.","observacao":"","resultado":"","texto_original":"http://sapl.ibiuna.sp.leg.br/media/sapl/public/materialegislativa/2024/17804/projeto_de_lei_407.pdf","data_ultima_atualizacao":"2024-03-06T10:40:25.664141-03:00","ip":"200.232.13.146","ultima_edicao":"2024-03-06T10:40:24.788432-03:00","tipo":1,"regime_tramitacao":1,"tipo_origem_externa":4,"local_origem_externa":1,"user":109,"anexadas":[],"autores":[145]}