{"id":17639,"__str__":"Projeto de Lei Ordin\u00e1ria n\u00ba 389 de 2023","link_detail_backend":"/materia/17639","metadata":{},"numero":389,"ano":2023,"numero_protocolo":355,"data_apresentacao":"2023-12-12","tipo_apresentacao":"E","data_publicacao":null,"numero_origem_externa":"","ano_origem_externa":null,"data_origem_externa":null,"apelido":"","dias_prazo":null,"data_fim_prazo":null,"em_tramitacao":false,"polemica":false,"objeto":"","complementar":false,"ementa":"Projeto de Lei que disp\u00f5e sobre a denomina\u00e7\u00e3o de Travessa em nome de Colina do Sol, no bairro da Vargem do Salto.","indexacao":"Projeto de Lei que disp\u00f5e sobre a denomina\u00e7\u00e3o de Travessa em nome de Colina do Sol, no bairro da Vargem do Salto.","observacao":"","resultado":"","texto_original":"http://sapl.ibiuna.sp.leg.br/media/sapl/public/materialegislativa/2023/17639/projeto_de_lei_0389.pdf","data_ultima_atualizacao":"2024-03-04T08:38:27.335015-03:00","ip":"200.232.13.147","ultima_edicao":"2023-12-14T15:21:03.097907-03:00","tipo":1,"regime_tramitacao":1,"tipo_origem_externa":null,"local_origem_externa":null,"user":109,"anexadas":[],"autores":[143]}