{"id":17612,"__str__":"Mo\u00e7\u00e3o n\u00ba 17 de 2023","link_detail_backend":"/materia/17612","metadata":{},"numero":17,"ano":2023,"numero_protocolo":338,"data_apresentacao":"2023-12-05","tipo_apresentacao":"E","data_publicacao":null,"numero_origem_externa":"","ano_origem_externa":null,"data_origem_externa":null,"apelido":"","dias_prazo":null,"data_fim_prazo":null,"em_tramitacao":false,"polemica":false,"objeto":"","complementar":false,"ementa":"Mo\u00e7\u00e3o de Aplausos aos Profissionais do SAMU Ibi\u00fana/SP pelos relevantes servi\u00e7os prestados, em especial o socorro a uma crian\u00e7a v\u00edtima de afogamento dia 02/12/2023","indexacao":"Mo\u00e7\u00e3o de Aplausos aos Profissionais do SAMU Ibi\u00fana/SP pelos relevantes servi\u00e7os prestados, em especial o socorro a uma crian\u00e7a v\u00edtima de afogamento dia 02/12/2023","observacao":"","resultado":"","texto_original":"http://sapl.ibiuna.sp.leg.br/media/sapl/public/materialegislativa/2023/17612/mocao_017_.pdf","data_ultima_atualizacao":"2023-12-06T08:24:58.398344-03:00","ip":"200.232.13.147","ultima_edicao":"2023-12-06T08:24:58.243295-03:00","tipo":7,"regime_tramitacao":1,"tipo_origem_externa":null,"local_origem_externa":null,"user":109,"anexadas":[],"autores":[103]}