{"id":17362,"__str__":"Projeto de Lei Ordin\u00e1ria n\u00ba 331 de 2023","link_detail_backend":"/materia/17362","metadata":{},"numero":331,"ano":2023,"numero_protocolo":null,"data_apresentacao":"2023-09-14","tipo_apresentacao":"E","data_publicacao":null,"numero_origem_externa":"065","ano_origem_externa":2023,"data_origem_externa":"2023-09-14","apelido":"","dias_prazo":null,"data_fim_prazo":null,"em_tramitacao":false,"polemica":false,"objeto":"","complementar":false,"ementa":"Disp\u00f5e sobre a remo\u00e7\u00e3o de ve\u00edculos abandonados no Munic\u00edpio de Ibi\u00fana, e d\u00e1 outras provid\u00eancias.","indexacao":"Disp\u00f5e sobre a remo\u00e7\u00e3o de ve\u00edculos abandonados no Munic\u00edpio de Ibi\u00fana, e d\u00e1 outras provid\u00eancias.","observacao":"","resultado":"","texto_original":"http://sapl.ibiuna.sp.leg.br/media/sapl/public/materialegislativa/2023/17362/projeto_de_lei_0331.pdf","data_ultima_atualizacao":"2023-10-09T10:14:39.330769-03:00","ip":"200.232.13.146","ultima_edicao":"2023-09-18T10:58:03.209580-03:00","tipo":1,"regime_tramitacao":1,"tipo_origem_externa":4,"local_origem_externa":1,"user":109,"anexadas":[],"autores":[145]}