{"id":17307,"__str__":"Projeto de Lei Ordin\u00e1ria n\u00ba 321 de 2023","link_detail_backend":"/materia/17307","metadata":{},"numero":321,"ano":2023,"numero_protocolo":null,"data_apresentacao":"2023-08-08","tipo_apresentacao":"E","data_publicacao":null,"numero_origem_externa":"","ano_origem_externa":2023,"data_origem_externa":"2023-08-08","apelido":"","dias_prazo":null,"data_fim_prazo":null,"em_tramitacao":false,"polemica":false,"objeto":"","complementar":false,"ementa":"Disp\u00f5e sobre a altera\u00e7\u00e3o de Metas e Diretrizes ao PPA 2022/2025, LDO para 2023 e a abertura de Cr\u00e9dito Adicional Especial ao Or\u00e7amento de 2023 e d\u00e1 outras provid\u00eancias. (Classifica\u00e7\u00e3o de despesas com m\u00e3o-de-obra da Frente de Trabalho)","indexacao":"Disp\u00f5e sobre a altera\u00e7\u00e3o de Metas e Diretrizes ao PPA 2022/2025, LDO para 2023 e a abertura de Cr\u00e9dito Adicional Especial ao Or\u00e7amento de 2023 e d\u00e1 outras provid\u00eancias. (Classifica\u00e7\u00e3o de despesas com m\u00e3o-de-obra da Frente de Trabalho)","observacao":"","resultado":"","texto_original":"http://sapl.ibiuna.sp.leg.br/media/sapl/public/materialegislativa/2023/17307/projeto_de_lei_0321.pdf","data_ultima_atualizacao":"2023-08-25T14:05:47.157753-03:00","ip":"200.232.13.146","ultima_edicao":"2023-08-08T14:44:31.943859-03:00","tipo":1,"regime_tramitacao":1,"tipo_origem_externa":4,"local_origem_externa":1,"user":109,"anexadas":[],"autores":[7]}