{"id":17258,"__str__":"Projeto de Lei Ordin\u00e1ria n\u00ba 307 de 2023","link_detail_backend":"/materia/17258","metadata":{},"numero":307,"ano":2023,"numero_protocolo":null,"data_apresentacao":"2023-06-19","tipo_apresentacao":"E","data_publicacao":null,"numero_origem_externa":"042","ano_origem_externa":2023,"data_origem_externa":"2023-06-19","apelido":"","dias_prazo":null,"data_fim_prazo":null,"em_tramitacao":false,"polemica":false,"objeto":"","complementar":false,"ementa":"Disp\u00f5e sobre a cria\u00e7\u00e3o da Imprensa Oficial do Munic\u00edpio da Est\u00e2ncia Tur\u00edstica de Ibi\u00fana e d\u00e1 outras provid\u00eancias.","indexacao":"Disp\u00f5e sobre a cria\u00e7\u00e3o da Imprensa Oficial do Munic\u00edpio da Est\u00e2ncia Tur\u00edstica de Ibi\u00fana e d\u00e1 outras provid\u00eancias di\u00e1rio oficial eletr\u00f4nico Atos poder executivo legislativo judici\u00e1rio secretarias","observacao":"","resultado":"","texto_original":"http://sapl.ibiuna.sp.leg.br/media/sapl/public/materialegislativa/2023/17258/projeto_de_lei_0307.pdf","data_ultima_atualizacao":"2023-06-30T13:16:03.116906-03:00","ip":"200.232.13.146","ultima_edicao":"2023-06-26T11:00:54.915186-03:00","tipo":1,"regime_tramitacao":1,"tipo_origem_externa":4,"local_origem_externa":1,"user":109,"anexadas":[],"autores":[145]}