{"id":16678,"__str__":"Projeto de Lei Ordin\u00e1ria n\u00ba 222 de 2022","link_detail_backend":"/materia/16678","metadata":{},"numero":222,"ano":2022,"numero_protocolo":null,"data_apresentacao":"2022-08-30","tipo_apresentacao":"E","data_publicacao":null,"numero_origem_externa":"75","ano_origem_externa":2022,"data_origem_externa":"2022-08-30","apelido":"","dias_prazo":null,"data_fim_prazo":null,"em_tramitacao":false,"polemica":false,"objeto":"","complementar":false,"ementa":"Disp\u00f5e sobre a altera\u00e7\u00e3o de Metas e Diretrizes ao PPA 2022/2025. LDO para 2022 e a abertura de Cr\u00e9dito Adicional Suplementar ao Or\u00e7amento de 2022 e d\u00e1 outras provid\u00eancias. (Requalifica\u00e7\u00e3o do Canteiro Central da Avenida S\u00e3o Sebasti\u00e3o - Conv\u00eanio)","indexacao":"Conv\u00eanio contrapartida Requalifica\u00e7\u00e3o do Canteiro Central da Avenida S\u00e3o Sebasti\u00e3o","observacao":"","resultado":"","texto_original":"http://sapl.ibiuna.sp.leg.br/media/sapl/public/materialegislativa/2022/16678/projeto_de_lei_222.pdf","data_ultima_atualizacao":"2022-09-05T09:50:58.493997-03:00","ip":"187.45.57.163","ultima_edicao":"2022-08-30T08:58:58.799110-03:00","tipo":1,"regime_tramitacao":1,"tipo_origem_externa":4,"local_origem_externa":1,"user":109,"anexadas":[],"autores":[145]}