{"id":16590,"__str__":"Mo\u00e7\u00e3o n\u00ba 7 de 2022","link_detail_backend":"/materia/16590","metadata":{},"numero":7,"ano":2022,"numero_protocolo":204,"data_apresentacao":"2022-06-28","tipo_apresentacao":"E","data_publicacao":null,"numero_origem_externa":"","ano_origem_externa":null,"data_origem_externa":null,"apelido":"","dias_prazo":null,"data_fim_prazo":null,"em_tramitacao":false,"polemica":false,"objeto":"","complementar":false,"ementa":"MO\u00c7\u00c3O DE APLAUSOS a Orquestra Jovem de Metais e Percuss\u00e3o de Ibi\u00fana, na pessoa de seu Diretor Presidente o Senhor Francisco Vieira Ruivo e seu Maestro o Senhor Alexandre Piccirillo, pelos relevantes servi\u00e7os prestados a comunidade Ibiunense e regi\u00e3o.","indexacao":"Mo\u00e7\u00e3o aplausos orquestra Jovens Banda Marcial Independente de Ibi\u00fana","observacao":"","resultado":"","texto_original":"http://sapl.ibiuna.sp.leg.br/media/sapl/public/materialegislativa/2022/16590/mocao_007.pdf","data_ultima_atualizacao":"2022-06-29T10:36:54.638316-03:00","ip":"45.175.190.201","ultima_edicao":"2022-06-29T10:36:06.281824-03:00","tipo":7,"regime_tramitacao":1,"tipo_origem_externa":null,"local_origem_externa":null,"user":109,"anexadas":[],"autores":[103]}